{"id":3440,"date":"2013-10-09T10:50:04","date_gmt":"2013-10-09T08:50:04","guid":{"rendered":"https:\/\/www.forminsa.com\/?p=3440"},"modified":"2024-10-22T15:24:13","modified_gmt":"2024-10-22T13:24:13","slug":"accord-pour-la-formation","status":"publish","type":"post","link":"https:\/\/www.forminsa.com\/fr\/accord-pour-la-formation\/","title":{"rendered":"Accord pour la formation"},"content":{"rendered":"<p>CONVENTION ENTRE LA MAIRIE DE CASTELLBELL I EL VILAR, L&rsquo;ECOLE TECHNIQUE SALESIANS DE TERRASSA ET FORMINSA FORMINSA a sign\u00e9 un contrat innovant qui permet aux habitants de Castellbell i el Vilar aprendre dans une \u00e9cole technique, faire les practiques des \u00e9tudes dans notre St\u00e9 et finalment un fois finis les \u00e9tudes d\u00e9marrer travailler avec nous.<\/p>\n","protected":false},"excerpt":{"rendered":"<p>CONVENTION ENTRE LA MAIRIE DE CASTELLBELL I EL VILAR, L&rsquo;ECOLE TECHNIQUE SALESIANS DE TERRASSA ET FORMINSA FORMINSA a sign\u00e9 un contrat innovant qui permet aux habitants de Castellbell i el Vilar aprendre dans une \u00e9cole technique, faire les practiques des \u00e9tudes dans notre St\u00e9 et finalment un fois finis les \u00e9tudes d\u00e9marrer travailler avec nous.<\/p>\n","protected":false},"author":1,"featured_media":0,"comment_status":"open","ping_status":"closed","sticky":false,"template":"","format":"standard","meta":{"neve_meta_sidebar":"","neve_meta_container":"","neve_meta_enable_content_width":"off","neve_meta_content_width":100,"neve_meta_title_alignment":"","neve_meta_author_avatar":"","neve_post_elements_order":"","neve_meta_disable_header":"","neve_meta_disable_footer":"","neve_meta_disable_title":"","footnotes":""},"categories":[19],"tags":[],"class_list":["post-3440","post","type-post","status-publish","format-standard","hentry","category-non-classifiee"],"yoast_head":"<!-- This site is optimized with the Yoast SEO plugin v26.1 - https:\/\/yoast.com\/wordpress\/plugins\/seo\/ -->\n<title>Accord pour la formation | Forminsa<\/title>\n<meta name=\"description\" content=\"FORMINSA promeut un accord innovant qui garantit la formation et l&#039;emploi des habitants de Castellbell i el Vilar.\" \/>\n<meta name=\"robots\" content=\"index, follow, max-snippet:-1, max-image-preview:large, max-video-preview:-1\" \/>\n<link rel=\"canonical\" href=\"https:\/\/www.forminsa.com\/fr\/accord-pour-la-formation\/\" \/>\n<meta property=\"og:locale\" content=\"fr_FR\" \/>\n<meta property=\"og:type\" content=\"article\" \/>\n<meta property=\"og:title\" content=\"Accord pour la formation | Forminsa\" \/>\n<meta property=\"og:description\" content=\"FORMINSA promeut un accord innovant qui garantit la formation et l&#039;emploi des habitants de Castellbell i el Vilar.\" \/>\n<meta property=\"og:url\" content=\"https:\/\/www.forminsa.com\/fr\/accord-pour-la-formation\/\" \/>\n<meta property=\"og:site_name\" content=\"Forminsa\" \/>\n<meta property=\"article:published_time\" content=\"2013-10-09T08:50:04+00:00\" \/>\n<meta property=\"article:modified_time\" content=\"2024-10-22T13:24:13+00:00\" \/>\n<meta property=\"og:image\" content=\"https:\/\/www.forminsa.com\/wp-content\/uploads\/2024\/08\/Logo_Forminsa.png\" \/>\n\t<meta property=\"og:image:width\" content=\"1654\" \/>\n\t<meta property=\"og:image:height\" content=\"864\" \/>\n\t<meta property=\"og:image:type\" content=\"image\/png\" \/>\n<meta name=\"author\" content=\"neorg_US\" \/>\n<meta name=\"twitter:card\" content=\"summary_large_image\" \/>\n<meta name=\"twitter:label1\" content=\"\u00c9crit par\" \/>\n\t<meta name=\"twitter:data1\" content=\"neorg_US\" \/>\n\t<meta name=\"twitter:label2\" content=\"Dur\u00e9e de lecture estim\u00e9e\" \/>\n\t<meta name=\"twitter:data2\" content=\"1 minute\" \/>\n<script type=\"application\/ld+json\" class=\"yoast-schema-graph\">{\"@context\":\"https:\/\/schema.org\",\"@graph\":[{\"@type\":\"Article\",\"@id\":\"https:\/\/www.forminsa.com\/fr\/accord-pour-la-formation\/#article\",\"isPartOf\":{\"@id\":\"https:\/\/www.forminsa.com\/fr\/accord-pour-la-formation\/\"},\"author\":{\"name\":\"neorg_US\",\"@id\":\"https:\/\/www.forminsa.com\/fr\/#\/schema\/person\/57002b36a133e30b20d67f6a9a1e257e\"},\"headline\":\"Accord pour la formation\",\"datePublished\":\"2013-10-09T08:50:04+00:00\",\"dateModified\":\"2024-10-22T13:24:13+00:00\",\"mainEntityOfPage\":{\"@id\":\"https:\/\/www.forminsa.com\/fr\/accord-pour-la-formation\/\"},\"wordCount\":61,\"commentCount\":0,\"publisher\":{\"@id\":\"https:\/\/www.forminsa.com\/fr\/#organization\"},\"articleSection\":[\"Non classifi\u00e9(e)\"],\"inLanguage\":\"fr-FR\",\"potentialAction\":[{\"@type\":\"CommentAction\",\"name\":\"Comment\",\"target\":[\"https:\/\/www.forminsa.com\/fr\/accord-pour-la-formation\/#respond\"]}]},{\"@type\":\"WebPage\",\"@id\":\"https:\/\/www.forminsa.com\/fr\/accord-pour-la-formation\/\",\"url\":\"https:\/\/www.forminsa.com\/fr\/accord-pour-la-formation\/\",\"name\":\"Accord pour la formation | Forminsa\",\"isPartOf\":{\"@id\":\"https:\/\/www.forminsa.com\/fr\/#website\"},\"datePublished\":\"2013-10-09T08:50:04+00:00\",\"dateModified\":\"2024-10-22T13:24:13+00:00\",\"description\":\"FORMINSA promeut un accord innovant qui garantit la formation et l'emploi des habitants de Castellbell i el Vilar.\",\"breadcrumb\":{\"@id\":\"https:\/\/www.forminsa.com\/fr\/accord-pour-la-formation\/#breadcrumb\"},\"inLanguage\":\"fr-FR\",\"potentialAction\":[{\"@type\":\"ReadAction\",\"target\":[\"https:\/\/www.forminsa.com\/fr\/accord-pour-la-formation\/\"]}]},{\"@type\":\"BreadcrumbList\",\"@id\":\"https:\/\/www.forminsa.com\/fr\/accord-pour-la-formation\/#breadcrumb\",\"itemListElement\":[{\"@type\":\"ListItem\",\"position\":1,\"name\":\"Portada\",\"item\":\"https:\/\/www.forminsa.com\/fr\/page-daccueil\/\"},{\"@type\":\"ListItem\",\"position\":2,\"name\":\"Accord pour la formation\"}]},{\"@type\":\"WebSite\",\"@id\":\"https:\/\/www.forminsa.com\/fr\/#website\",\"url\":\"https:\/\/www.forminsa.com\/fr\/\",\"name\":\"Forminsa\",\"description\":\"Formin the future\",\"publisher\":{\"@id\":\"https:\/\/www.forminsa.com\/fr\/#organization\"},\"alternateName\":\"Forminsa\",\"potentialAction\":[{\"@type\":\"SearchAction\",\"target\":{\"@type\":\"EntryPoint\",\"urlTemplate\":\"https:\/\/www.forminsa.com\/fr\/?s={search_term_string}\"},\"query-input\":{\"@type\":\"PropertyValueSpecification\",\"valueRequired\":true,\"valueName\":\"search_term_string\"}}],\"inLanguage\":\"fr-FR\"},{\"@type\":\"Organization\",\"@id\":\"https:\/\/www.forminsa.com\/fr\/#organization\",\"name\":\"Forminsa\",\"alternateName\":\"Forminsa\",\"url\":\"https:\/\/www.forminsa.com\/fr\/\",\"logo\":{\"@type\":\"ImageObject\",\"inLanguage\":\"fr-FR\",\"@id\":\"https:\/\/www.forminsa.com\/fr\/#\/schema\/logo\/image\/\",\"url\":\"https:\/\/www.forminsa.com\/wp-content\/uploads\/2024\/06\/Forminsa-Marker@62-1.png\",\"contentUrl\":\"https:\/\/www.forminsa.com\/wp-content\/uploads\/2024\/06\/Forminsa-Marker@62-1.png\",\"width\":62,\"height\":62,\"caption\":\"Forminsa\"},\"image\":{\"@id\":\"https:\/\/www.forminsa.com\/fr\/#\/schema\/logo\/image\/\"},\"sameAs\":[\"https:\/\/www.forminsa.com\/\"]},{\"@type\":\"Person\",\"@id\":\"https:\/\/www.forminsa.com\/fr\/#\/schema\/person\/57002b36a133e30b20d67f6a9a1e257e\",\"name\":\"neorg_US\",\"image\":{\"@type\":\"ImageObject\",\"inLanguage\":\"fr-FR\",\"@id\":\"https:\/\/www.forminsa.com\/fr\/#\/schema\/person\/image\/\",\"url\":\"https:\/\/secure.gravatar.com\/avatar\/ac01186cb2c30d821b6c9bf9aa6e6503?s=96&d=mm&r=g\",\"contentUrl\":\"https:\/\/secure.gravatar.com\/avatar\/ac01186cb2c30d821b6c9bf9aa6e6503?s=96&d=mm&r=g\",\"caption\":\"neorg_US\"},\"sameAs\":[\"https:\/\/www.forminsa.com\"]}]}<\/script>\n<!-- \/ Yoast SEO plugin. -->","yoast_head_json":{"title":"Accord pour la formation | Forminsa","description":"FORMINSA promeut un accord innovant qui garantit la formation et l'emploi des habitants de Castellbell i el Vilar.","robots":{"index":"index","follow":"follow","max-snippet":"max-snippet:-1","max-image-preview":"max-image-preview:large","max-video-preview":"max-video-preview:-1"},"canonical":"https:\/\/www.forminsa.com\/fr\/accord-pour-la-formation\/","og_locale":"fr_FR","og_type":"article","og_title":"Accord pour la formation | Forminsa","og_description":"FORMINSA promeut un accord innovant qui garantit la formation et l'emploi des habitants de Castellbell i el Vilar.","og_url":"https:\/\/www.forminsa.com\/fr\/accord-pour-la-formation\/","og_site_name":"Forminsa","article_published_time":"2013-10-09T08:50:04+00:00","article_modified_time":"2024-10-22T13:24:13+00:00","og_image":[{"width":1654,"height":864,"url":"https:\/\/www.forminsa.com\/wp-content\/uploads\/2024\/08\/Logo_Forminsa.png","type":"image\/png"}],"author":"neorg_US","twitter_card":"summary_large_image","twitter_misc":{"\u00c9crit par":"neorg_US","Dur\u00e9e de lecture estim\u00e9e":"1 minute"},"schema":{"@context":"https:\/\/schema.org","@graph":[{"@type":"Article","@id":"https:\/\/www.forminsa.com\/fr\/accord-pour-la-formation\/#article","isPartOf":{"@id":"https:\/\/www.forminsa.com\/fr\/accord-pour-la-formation\/"},"author":{"name":"neorg_US","@id":"https:\/\/www.forminsa.com\/fr\/#\/schema\/person\/57002b36a133e30b20d67f6a9a1e257e"},"headline":"Accord pour la formation","datePublished":"2013-10-09T08:50:04+00:00","dateModified":"2024-10-22T13:24:13+00:00","mainEntityOfPage":{"@id":"https:\/\/www.forminsa.com\/fr\/accord-pour-la-formation\/"},"wordCount":61,"commentCount":0,"publisher":{"@id":"https:\/\/www.forminsa.com\/fr\/#organization"},"articleSection":["Non classifi\u00e9(e)"],"inLanguage":"fr-FR","potentialAction":[{"@type":"CommentAction","name":"Comment","target":["https:\/\/www.forminsa.com\/fr\/accord-pour-la-formation\/#respond"]}]},{"@type":"WebPage","@id":"https:\/\/www.forminsa.com\/fr\/accord-pour-la-formation\/","url":"https:\/\/www.forminsa.com\/fr\/accord-pour-la-formation\/","name":"Accord pour la formation | Forminsa","isPartOf":{"@id":"https:\/\/www.forminsa.com\/fr\/#website"},"datePublished":"2013-10-09T08:50:04+00:00","dateModified":"2024-10-22T13:24:13+00:00","description":"FORMINSA promeut un accord innovant qui garantit la formation et l'emploi des habitants de Castellbell i el Vilar.","breadcrumb":{"@id":"https:\/\/www.forminsa.com\/fr\/accord-pour-la-formation\/#breadcrumb"},"inLanguage":"fr-FR","potentialAction":[{"@type":"ReadAction","target":["https:\/\/www.forminsa.com\/fr\/accord-pour-la-formation\/"]}]},{"@type":"BreadcrumbList","@id":"https:\/\/www.forminsa.com\/fr\/accord-pour-la-formation\/#breadcrumb","itemListElement":[{"@type":"ListItem","position":1,"name":"Portada","item":"https:\/\/www.forminsa.com\/fr\/page-daccueil\/"},{"@type":"ListItem","position":2,"name":"Accord pour la formation"}]},{"@type":"WebSite","@id":"https:\/\/www.forminsa.com\/fr\/#website","url":"https:\/\/www.forminsa.com\/fr\/","name":"Forminsa","description":"Formin the future","publisher":{"@id":"https:\/\/www.forminsa.com\/fr\/#organization"},"alternateName":"Forminsa","potentialAction":[{"@type":"SearchAction","target":{"@type":"EntryPoint","urlTemplate":"https:\/\/www.forminsa.com\/fr\/?s={search_term_string}"},"query-input":{"@type":"PropertyValueSpecification","valueRequired":true,"valueName":"search_term_string"}}],"inLanguage":"fr-FR"},{"@type":"Organization","@id":"https:\/\/www.forminsa.com\/fr\/#organization","name":"Forminsa","alternateName":"Forminsa","url":"https:\/\/www.forminsa.com\/fr\/","logo":{"@type":"ImageObject","inLanguage":"fr-FR","@id":"https:\/\/www.forminsa.com\/fr\/#\/schema\/logo\/image\/","url":"https:\/\/www.forminsa.com\/wp-content\/uploads\/2024\/06\/Forminsa-Marker@62-1.png","contentUrl":"https:\/\/www.forminsa.com\/wp-content\/uploads\/2024\/06\/Forminsa-Marker@62-1.png","width":62,"height":62,"caption":"Forminsa"},"image":{"@id":"https:\/\/www.forminsa.com\/fr\/#\/schema\/logo\/image\/"},"sameAs":["https:\/\/www.forminsa.com\/"]},{"@type":"Person","@id":"https:\/\/www.forminsa.com\/fr\/#\/schema\/person\/57002b36a133e30b20d67f6a9a1e257e","name":"neorg_US","image":{"@type":"ImageObject","inLanguage":"fr-FR","@id":"https:\/\/www.forminsa.com\/fr\/#\/schema\/person\/image\/","url":"https:\/\/secure.gravatar.com\/avatar\/ac01186cb2c30d821b6c9bf9aa6e6503?s=96&d=mm&r=g","contentUrl":"https:\/\/secure.gravatar.com\/avatar\/ac01186cb2c30d821b6c9bf9aa6e6503?s=96&d=mm&r=g","caption":"neorg_US"},"sameAs":["https:\/\/www.forminsa.com"]}]}},"_links":{"self":[{"href":"https:\/\/www.forminsa.com\/fr\/wp-json\/wp\/v2\/posts\/3440","targetHints":{"allow":["GET"]}}],"collection":[{"href":"https:\/\/www.forminsa.com\/fr\/wp-json\/wp\/v2\/posts"}],"about":[{"href":"https:\/\/www.forminsa.com\/fr\/wp-json\/wp\/v2\/types\/post"}],"author":[{"embeddable":true,"href":"https:\/\/www.forminsa.com\/fr\/wp-json\/wp\/v2\/users\/1"}],"replies":[{"embeddable":true,"href":"https:\/\/www.forminsa.com\/fr\/wp-json\/wp\/v2\/comments?post=3440"}],"version-history":[{"count":1,"href":"https:\/\/www.forminsa.com\/fr\/wp-json\/wp\/v2\/posts\/3440\/revisions"}],"predecessor-version":[{"id":3441,"href":"https:\/\/www.forminsa.com\/fr\/wp-json\/wp\/v2\/posts\/3440\/revisions\/3441"}],"wp:attachment":[{"href":"https:\/\/www.forminsa.com\/fr\/wp-json\/wp\/v2\/media?parent=3440"}],"wp:term":[{"taxonomy":"category","embeddable":true,"href":"https:\/\/www.forminsa.com\/fr\/wp-json\/wp\/v2\/categories?post=3440"},{"taxonomy":"post_tag","embeddable":true,"href":"https:\/\/www.forminsa.com\/fr\/wp-json\/wp\/v2\/tags?post=3440"}],"curies":[{"name":"wp","href":"https:\/\/api.w.org\/{rel}","templated":true}]}}