{"id":3472,"date":"2011-05-31T11:00:18","date_gmt":"2011-05-31T09:00:18","guid":{"rendered":"https:\/\/www.forminsa.com\/?p=3472"},"modified":"2024-10-22T15:42:13","modified_gmt":"2024-10-22T13:42:13","slug":"die-kammer-unterstuetzt-die-unternehmen-bei-ihrer-internationalisierung","status":"publish","type":"post","link":"https:\/\/www.forminsa.com\/de\/die-kammer-unterstuetzt-die-unternehmen-bei-ihrer-internationalisierung\/","title":{"rendered":"Die Kammer unterst\u00fctzt die Unternehmen bei ihrer Internationalisierung"},"content":{"rendered":"<div id=\"main\">\n<div id=\"main2\" class=\"news\">\n<div id=\"content\">\n<div id=\"bignewsblock\" class=\"box-shadow\">\n<div id=\"newslist\">\n<p>Mit dem Ziel eines Absatzes mit h\u00f6chster Erfolgsgarantie auf dem internationalen Markt erweitert die Kooperation ihre Internationalisierungs-Dienstleistungen sowohl f\u00fcr kleine als auch f\u00fcr gro\u00dfe Unternehmen<\/p>\n<\/div>\n<\/div>\n<\/div>\n<\/div>\n<\/div>\n","protected":false},"excerpt":{"rendered":"<p>Mit dem Ziel eines Absatzes mit h\u00f6chster Erfolgsgarantie auf dem internationalen Markt erweitert die Kooperation ihre Internationalisierungs-Dienstleistungen sowohl f\u00fcr kleine als auch f\u00fcr gro\u00dfe Unternehmen<\/p>\n","protected":false},"author":1,"featured_media":0,"comment_status":"open","ping_status":"closed","sticky":false,"template":"","format":"standard","meta":{"neve_meta_sidebar":"","neve_meta_container":"","neve_meta_enable_content_width":"off","neve_meta_content_width":100,"neve_meta_title_alignment":"","neve_meta_author_avatar":"","neve_post_elements_order":"","neve_meta_disable_header":"","neve_meta_disable_footer":"","neve_meta_disable_title":"","footnotes":""},"categories":[18],"tags":[],"class_list":["post-3472","post","type-post","status-publish","format-standard","hentry","category-unkategorisiert"],"yoast_head":"<!-- This site is optimized with the Yoast SEO plugin v26.1 - https:\/\/yoast.com\/wordpress\/plugins\/seo\/ -->\n<title>Die Kammer unterst\u00fctzt die Unternehmen bei ihrer Internationalisierung | Forminsa<\/title>\n<meta name=\"description\" content=\"Das Unternehmen baut seine Internationalisierungsdienste aus, die sich sowohl an kleine als auch an gro\u00dfe Unternehmen richten.\" \/>\n<meta name=\"robots\" content=\"index, follow, max-snippet:-1, max-image-preview:large, max-video-preview:-1\" \/>\n<link rel=\"canonical\" href=\"https:\/\/www.forminsa.com\/de\/die-kammer-unterstuetzt-die-unternehmen-bei-ihrer-internationalisierung\/\" \/>\n<meta property=\"og:locale\" content=\"de_DE\" \/>\n<meta property=\"og:type\" content=\"article\" \/>\n<meta property=\"og:title\" content=\"Die Kammer unterst\u00fctzt die Unternehmen bei ihrer Internationalisierung | Forminsa\" \/>\n<meta property=\"og:description\" content=\"Das Unternehmen baut seine Internationalisierungsdienste aus, die sich sowohl an kleine als auch an gro\u00dfe Unternehmen richten.\" \/>\n<meta property=\"og:url\" content=\"https:\/\/www.forminsa.com\/de\/die-kammer-unterstuetzt-die-unternehmen-bei-ihrer-internationalisierung\/\" \/>\n<meta property=\"og:site_name\" content=\"Forminsa\" \/>\n<meta property=\"article:published_time\" content=\"2011-05-31T09:00:18+00:00\" \/>\n<meta property=\"article:modified_time\" content=\"2024-10-22T13:42:13+00:00\" \/>\n<meta property=\"og:image\" content=\"https:\/\/www.forminsa.com\/wp-content\/uploads\/2024\/08\/Logo_Forminsa.png\" \/>\n\t<meta property=\"og:image:width\" content=\"1654\" \/>\n\t<meta property=\"og:image:height\" content=\"864\" \/>\n\t<meta property=\"og:image:type\" content=\"image\/png\" \/>\n<meta name=\"author\" content=\"neorg_US\" \/>\n<meta name=\"twitter:card\" content=\"summary_large_image\" \/>\n<meta name=\"twitter:label1\" content=\"Verfasst von\" \/>\n\t<meta name=\"twitter:data1\" content=\"neorg_US\" \/>\n\t<meta name=\"twitter:label2\" content=\"Gesch\u00e4tzte Lesezeit\" \/>\n\t<meta name=\"twitter:data2\" content=\"1\u00a0Minute\" \/>\n<script type=\"application\/ld+json\" class=\"yoast-schema-graph\">{\"@context\":\"https:\/\/schema.org\",\"@graph\":[{\"@type\":\"Article\",\"@id\":\"https:\/\/www.forminsa.com\/de\/die-kammer-unterstuetzt-die-unternehmen-bei-ihrer-internationalisierung\/#article\",\"isPartOf\":{\"@id\":\"https:\/\/www.forminsa.com\/de\/die-kammer-unterstuetzt-die-unternehmen-bei-ihrer-internationalisierung\/\"},\"author\":{\"name\":\"neorg_US\",\"@id\":\"https:\/\/www.forminsa.com\/de\/#\/schema\/person\/57002b36a133e30b20d67f6a9a1e257e\"},\"headline\":\"Die Kammer unterst\u00fctzt die Unternehmen bei ihrer Internationalisierung\",\"datePublished\":\"2011-05-31T09:00:18+00:00\",\"dateModified\":\"2024-10-22T13:42:13+00:00\",\"mainEntityOfPage\":{\"@id\":\"https:\/\/www.forminsa.com\/de\/die-kammer-unterstuetzt-die-unternehmen-bei-ihrer-internationalisierung\/\"},\"wordCount\":38,\"commentCount\":0,\"publisher\":{\"@id\":\"https:\/\/www.forminsa.com\/de\/#organization\"},\"articleSection\":[\"Unkategorisiert\"],\"inLanguage\":\"de\",\"potentialAction\":[{\"@type\":\"CommentAction\",\"name\":\"Comment\",\"target\":[\"https:\/\/www.forminsa.com\/de\/die-kammer-unterstuetzt-die-unternehmen-bei-ihrer-internationalisierung\/#respond\"]}]},{\"@type\":\"WebPage\",\"@id\":\"https:\/\/www.forminsa.com\/de\/die-kammer-unterstuetzt-die-unternehmen-bei-ihrer-internationalisierung\/\",\"url\":\"https:\/\/www.forminsa.com\/de\/die-kammer-unterstuetzt-die-unternehmen-bei-ihrer-internationalisierung\/\",\"name\":\"Die Kammer unterst\u00fctzt die Unternehmen bei ihrer Internationalisierung | Forminsa\",\"isPartOf\":{\"@id\":\"https:\/\/www.forminsa.com\/de\/#website\"},\"datePublished\":\"2011-05-31T09:00:18+00:00\",\"dateModified\":\"2024-10-22T13:42:13+00:00\",\"description\":\"Das Unternehmen baut seine Internationalisierungsdienste aus, die sich sowohl an kleine als auch an gro\u00dfe Unternehmen richten.\",\"breadcrumb\":{\"@id\":\"https:\/\/www.forminsa.com\/de\/die-kammer-unterstuetzt-die-unternehmen-bei-ihrer-internationalisierung\/#breadcrumb\"},\"inLanguage\":\"de\",\"potentialAction\":[{\"@type\":\"ReadAction\",\"target\":[\"https:\/\/www.forminsa.com\/de\/die-kammer-unterstuetzt-die-unternehmen-bei-ihrer-internationalisierung\/\"]}]},{\"@type\":\"BreadcrumbList\",\"@id\":\"https:\/\/www.forminsa.com\/de\/die-kammer-unterstuetzt-die-unternehmen-bei-ihrer-internationalisierung\/#breadcrumb\",\"itemListElement\":[{\"@type\":\"ListItem\",\"position\":1,\"name\":\"Portada\",\"item\":\"https:\/\/www.forminsa.com\/de\/home\/\"},{\"@type\":\"ListItem\",\"position\":2,\"name\":\"Die Kammer unterst\u00fctzt die Unternehmen bei ihrer Internationalisierung\"}]},{\"@type\":\"WebSite\",\"@id\":\"https:\/\/www.forminsa.com\/de\/#website\",\"url\":\"https:\/\/www.forminsa.com\/de\/\",\"name\":\"Forminsa\",\"description\":\"Formin the future\",\"publisher\":{\"@id\":\"https:\/\/www.forminsa.com\/de\/#organization\"},\"alternateName\":\"Forminsa\",\"potentialAction\":[{\"@type\":\"SearchAction\",\"target\":{\"@type\":\"EntryPoint\",\"urlTemplate\":\"https:\/\/www.forminsa.com\/de\/?s={search_term_string}\"},\"query-input\":{\"@type\":\"PropertyValueSpecification\",\"valueRequired\":true,\"valueName\":\"search_term_string\"}}],\"inLanguage\":\"de\"},{\"@type\":\"Organization\",\"@id\":\"https:\/\/www.forminsa.com\/de\/#organization\",\"name\":\"Forminsa\",\"alternateName\":\"Forminsa\",\"url\":\"https:\/\/www.forminsa.com\/de\/\",\"logo\":{\"@type\":\"ImageObject\",\"inLanguage\":\"de\",\"@id\":\"https:\/\/www.forminsa.com\/de\/#\/schema\/logo\/image\/\",\"url\":\"https:\/\/www.forminsa.com\/wp-content\/uploads\/2024\/06\/Forminsa-Marker@62-1.png\",\"contentUrl\":\"https:\/\/www.forminsa.com\/wp-content\/uploads\/2024\/06\/Forminsa-Marker@62-1.png\",\"width\":62,\"height\":62,\"caption\":\"Forminsa\"},\"image\":{\"@id\":\"https:\/\/www.forminsa.com\/de\/#\/schema\/logo\/image\/\"},\"sameAs\":[\"https:\/\/www.forminsa.com\/\"]},{\"@type\":\"Person\",\"@id\":\"https:\/\/www.forminsa.com\/de\/#\/schema\/person\/57002b36a133e30b20d67f6a9a1e257e\",\"name\":\"neorg_US\",\"image\":{\"@type\":\"ImageObject\",\"inLanguage\":\"de\",\"@id\":\"https:\/\/www.forminsa.com\/de\/#\/schema\/person\/image\/\",\"url\":\"https:\/\/secure.gravatar.com\/avatar\/ac01186cb2c30d821b6c9bf9aa6e6503?s=96&d=mm&r=g\",\"contentUrl\":\"https:\/\/secure.gravatar.com\/avatar\/ac01186cb2c30d821b6c9bf9aa6e6503?s=96&d=mm&r=g\",\"caption\":\"neorg_US\"},\"sameAs\":[\"https:\/\/www.forminsa.com\"]}]}<\/script>\n<!-- \/ Yoast SEO plugin. -->","yoast_head_json":{"title":"Die Kammer unterst\u00fctzt die Unternehmen bei ihrer Internationalisierung | Forminsa","description":"Das Unternehmen baut seine Internationalisierungsdienste aus, die sich sowohl an kleine als auch an gro\u00dfe Unternehmen richten.","robots":{"index":"index","follow":"follow","max-snippet":"max-snippet:-1","max-image-preview":"max-image-preview:large","max-video-preview":"max-video-preview:-1"},"canonical":"https:\/\/www.forminsa.com\/de\/die-kammer-unterstuetzt-die-unternehmen-bei-ihrer-internationalisierung\/","og_locale":"de_DE","og_type":"article","og_title":"Die Kammer unterst\u00fctzt die Unternehmen bei ihrer Internationalisierung | Forminsa","og_description":"Das Unternehmen baut seine Internationalisierungsdienste aus, die sich sowohl an kleine als auch an gro\u00dfe Unternehmen richten.","og_url":"https:\/\/www.forminsa.com\/de\/die-kammer-unterstuetzt-die-unternehmen-bei-ihrer-internationalisierung\/","og_site_name":"Forminsa","article_published_time":"2011-05-31T09:00:18+00:00","article_modified_time":"2024-10-22T13:42:13+00:00","og_image":[{"width":1654,"height":864,"url":"https:\/\/www.forminsa.com\/wp-content\/uploads\/2024\/08\/Logo_Forminsa.png","type":"image\/png"}],"author":"neorg_US","twitter_card":"summary_large_image","twitter_misc":{"Verfasst von":"neorg_US","Gesch\u00e4tzte Lesezeit":"1\u00a0Minute"},"schema":{"@context":"https:\/\/schema.org","@graph":[{"@type":"Article","@id":"https:\/\/www.forminsa.com\/de\/die-kammer-unterstuetzt-die-unternehmen-bei-ihrer-internationalisierung\/#article","isPartOf":{"@id":"https:\/\/www.forminsa.com\/de\/die-kammer-unterstuetzt-die-unternehmen-bei-ihrer-internationalisierung\/"},"author":{"name":"neorg_US","@id":"https:\/\/www.forminsa.com\/de\/#\/schema\/person\/57002b36a133e30b20d67f6a9a1e257e"},"headline":"Die Kammer unterst\u00fctzt die Unternehmen bei ihrer Internationalisierung","datePublished":"2011-05-31T09:00:18+00:00","dateModified":"2024-10-22T13:42:13+00:00","mainEntityOfPage":{"@id":"https:\/\/www.forminsa.com\/de\/die-kammer-unterstuetzt-die-unternehmen-bei-ihrer-internationalisierung\/"},"wordCount":38,"commentCount":0,"publisher":{"@id":"https:\/\/www.forminsa.com\/de\/#organization"},"articleSection":["Unkategorisiert"],"inLanguage":"de","potentialAction":[{"@type":"CommentAction","name":"Comment","target":["https:\/\/www.forminsa.com\/de\/die-kammer-unterstuetzt-die-unternehmen-bei-ihrer-internationalisierung\/#respond"]}]},{"@type":"WebPage","@id":"https:\/\/www.forminsa.com\/de\/die-kammer-unterstuetzt-die-unternehmen-bei-ihrer-internationalisierung\/","url":"https:\/\/www.forminsa.com\/de\/die-kammer-unterstuetzt-die-unternehmen-bei-ihrer-internationalisierung\/","name":"Die Kammer unterst\u00fctzt die Unternehmen bei ihrer Internationalisierung | Forminsa","isPartOf":{"@id":"https:\/\/www.forminsa.com\/de\/#website"},"datePublished":"2011-05-31T09:00:18+00:00","dateModified":"2024-10-22T13:42:13+00:00","description":"Das Unternehmen baut seine Internationalisierungsdienste aus, die sich sowohl an kleine als auch an gro\u00dfe Unternehmen richten.","breadcrumb":{"@id":"https:\/\/www.forminsa.com\/de\/die-kammer-unterstuetzt-die-unternehmen-bei-ihrer-internationalisierung\/#breadcrumb"},"inLanguage":"de","potentialAction":[{"@type":"ReadAction","target":["https:\/\/www.forminsa.com\/de\/die-kammer-unterstuetzt-die-unternehmen-bei-ihrer-internationalisierung\/"]}]},{"@type":"BreadcrumbList","@id":"https:\/\/www.forminsa.com\/de\/die-kammer-unterstuetzt-die-unternehmen-bei-ihrer-internationalisierung\/#breadcrumb","itemListElement":[{"@type":"ListItem","position":1,"name":"Portada","item":"https:\/\/www.forminsa.com\/de\/home\/"},{"@type":"ListItem","position":2,"name":"Die Kammer unterst\u00fctzt die Unternehmen bei ihrer Internationalisierung"}]},{"@type":"WebSite","@id":"https:\/\/www.forminsa.com\/de\/#website","url":"https:\/\/www.forminsa.com\/de\/","name":"Forminsa","description":"Formin the future","publisher":{"@id":"https:\/\/www.forminsa.com\/de\/#organization"},"alternateName":"Forminsa","potentialAction":[{"@type":"SearchAction","target":{"@type":"EntryPoint","urlTemplate":"https:\/\/www.forminsa.com\/de\/?s={search_term_string}"},"query-input":{"@type":"PropertyValueSpecification","valueRequired":true,"valueName":"search_term_string"}}],"inLanguage":"de"},{"@type":"Organization","@id":"https:\/\/www.forminsa.com\/de\/#organization","name":"Forminsa","alternateName":"Forminsa","url":"https:\/\/www.forminsa.com\/de\/","logo":{"@type":"ImageObject","inLanguage":"de","@id":"https:\/\/www.forminsa.com\/de\/#\/schema\/logo\/image\/","url":"https:\/\/www.forminsa.com\/wp-content\/uploads\/2024\/06\/Forminsa-Marker@62-1.png","contentUrl":"https:\/\/www.forminsa.com\/wp-content\/uploads\/2024\/06\/Forminsa-Marker@62-1.png","width":62,"height":62,"caption":"Forminsa"},"image":{"@id":"https:\/\/www.forminsa.com\/de\/#\/schema\/logo\/image\/"},"sameAs":["https:\/\/www.forminsa.com\/"]},{"@type":"Person","@id":"https:\/\/www.forminsa.com\/de\/#\/schema\/person\/57002b36a133e30b20d67f6a9a1e257e","name":"neorg_US","image":{"@type":"ImageObject","inLanguage":"de","@id":"https:\/\/www.forminsa.com\/de\/#\/schema\/person\/image\/","url":"https:\/\/secure.gravatar.com\/avatar\/ac01186cb2c30d821b6c9bf9aa6e6503?s=96&d=mm&r=g","contentUrl":"https:\/\/secure.gravatar.com\/avatar\/ac01186cb2c30d821b6c9bf9aa6e6503?s=96&d=mm&r=g","caption":"neorg_US"},"sameAs":["https:\/\/www.forminsa.com"]}]}},"_links":{"self":[{"href":"https:\/\/www.forminsa.com\/de\/wp-json\/wp\/v2\/posts\/3472","targetHints":{"allow":["GET"]}}],"collection":[{"href":"https:\/\/www.forminsa.com\/de\/wp-json\/wp\/v2\/posts"}],"about":[{"href":"https:\/\/www.forminsa.com\/de\/wp-json\/wp\/v2\/types\/post"}],"author":[{"embeddable":true,"href":"https:\/\/www.forminsa.com\/de\/wp-json\/wp\/v2\/users\/1"}],"replies":[{"embeddable":true,"href":"https:\/\/www.forminsa.com\/de\/wp-json\/wp\/v2\/comments?post=3472"}],"version-history":[{"count":1,"href":"https:\/\/www.forminsa.com\/de\/wp-json\/wp\/v2\/posts\/3472\/revisions"}],"predecessor-version":[{"id":3473,"href":"https:\/\/www.forminsa.com\/de\/wp-json\/wp\/v2\/posts\/3472\/revisions\/3473"}],"wp:attachment":[{"href":"https:\/\/www.forminsa.com\/de\/wp-json\/wp\/v2\/media?parent=3472"}],"wp:term":[{"taxonomy":"category","embeddable":true,"href":"https:\/\/www.forminsa.com\/de\/wp-json\/wp\/v2\/categories?post=3472"},{"taxonomy":"post_tag","embeddable":true,"href":"https:\/\/www.forminsa.com\/de\/wp-json\/wp\/v2\/tags?post=3472"}],"curies":[{"name":"wp","href":"https:\/\/api.w.org\/{rel}","templated":true}]}}