{"id":3402,"date":"2021-01-23T13:09:03","date_gmt":"2021-01-23T12:09:03","guid":{"rendered":"https:\/\/www.forminsa.com\/?p=3402"},"modified":"2024-10-22T15:14:59","modified_gmt":"2024-10-22T13:14:59","slug":"forminsa-has-been-a-beneficiary-of-the-european-regional-development-fund","status":"publish","type":"post","link":"https:\/\/www.forminsa.com\/de\/forminsa-has-been-a-beneficiary-of-the-european-regional-development-fund\/","title":{"rendered":"FORMINSA has been a beneficiary of the European Regional Development Fund"},"content":{"rendered":"<p>FORMINSA has been a beneficiary of the European Regional Development Fund whose objective is to improve the use and quality of information and communication technologies and access to them and thanks to which it is implementing a production data capture and analyse system to real time for the improvement of competitiveness and productivity of the company. This action will take place during the first quarter of 2021. For this, it has had the support of the TIC CAMARAS program of the Manresa Chamber of Commerce.<\/p>\n","protected":false},"excerpt":{"rendered":"<p>FORMINSA has been a beneficiary of the European Regional Development Fund whose objective is to improve the use and quality of information and communication technologies and access to them and thanks to which it is implementing a production data capture and analyse system to real time for the improvement of competitiveness and productivity of the&hellip;&nbsp;<a href=\"https:\/\/www.forminsa.com\/de\/forminsa-has-been-a-beneficiary-of-the-european-regional-development-fund\/\" rel=\"bookmark\">Weiterlesen &raquo;<span class=\"screen-reader-text\">FORMINSA has been a beneficiary of the European Regional Development Fund<\/span><\/a><\/p>\n","protected":false},"author":1,"featured_media":3404,"comment_status":"open","ping_status":"closed","sticky":false,"template":"","format":"standard","meta":{"neve_meta_sidebar":"","neve_meta_container":"","neve_meta_enable_content_width":"off","neve_meta_content_width":100,"neve_meta_title_alignment":"","neve_meta_author_avatar":"","neve_post_elements_order":"","neve_meta_disable_header":"","neve_meta_disable_footer":"","neve_meta_disable_title":"","footnotes":""},"categories":[18],"tags":[],"class_list":["post-3402","post","type-post","status-publish","format-standard","has-post-thumbnail","hentry","category-unkategorisiert"],"yoast_head":"<!-- This site is optimized with the Yoast SEO plugin v26.1 - https:\/\/yoast.com\/wordpress\/plugins\/seo\/ -->\n<title>FORMINSA has been a beneficiary of the European Regional Development Fund | Forminsa<\/title>\n<meta name=\"description\" content=\"FORMINSA ist Beg\u00fcnstigter des Europ\u00e4ischen Fonds f\u00fcr regionale Entwicklung, der die Nutzung und Qualit\u00e4t der IKT verbessern soll.\" \/>\n<meta name=\"robots\" content=\"index, follow, max-snippet:-1, max-image-preview:large, max-video-preview:-1\" \/>\n<link rel=\"canonical\" href=\"https:\/\/www.forminsa.com\/de\/forminsa-has-been-a-beneficiary-of-the-european-regional-development-fund\/\" \/>\n<meta property=\"og:locale\" content=\"de_DE\" \/>\n<meta property=\"og:type\" content=\"article\" \/>\n<meta property=\"og:title\" content=\"FORMINSA has been a beneficiary of the European Regional Development Fund | Forminsa\" \/>\n<meta property=\"og:description\" content=\"FORMINSA ist Beg\u00fcnstigter des Europ\u00e4ischen Fonds f\u00fcr regionale Entwicklung, der die Nutzung und Qualit\u00e4t der IKT verbessern soll.\" \/>\n<meta property=\"og:url\" content=\"https:\/\/www.forminsa.com\/de\/forminsa-has-been-a-beneficiary-of-the-european-regional-development-fund\/\" \/>\n<meta property=\"og:site_name\" content=\"Forminsa\" \/>\n<meta property=\"article:published_time\" content=\"2021-01-23T12:09:03+00:00\" \/>\n<meta property=\"article:modified_time\" content=\"2024-10-22T13:14:59+00:00\" \/>\n<meta property=\"og:image\" content=\"https:\/\/www.forminsa.com\/wp-content\/uploads\/2024\/06\/Tecnologias-informacion.jpg\" \/>\n\t<meta property=\"og:image:width\" content=\"1280\" \/>\n\t<meta property=\"og:image:height\" content=\"853\" \/>\n\t<meta property=\"og:image:type\" content=\"image\/jpeg\" \/>\n<meta name=\"author\" content=\"neorg_US\" \/>\n<meta name=\"twitter:card\" content=\"summary_large_image\" \/>\n<meta name=\"twitter:label1\" content=\"Verfasst von\" \/>\n\t<meta name=\"twitter:data1\" content=\"neorg_US\" \/>\n\t<meta name=\"twitter:label2\" content=\"Gesch\u00e4tzte Lesezeit\" \/>\n\t<meta name=\"twitter:data2\" content=\"1\u00a0Minute\" \/>\n<script type=\"application\/ld+json\" class=\"yoast-schema-graph\">{\"@context\":\"https:\/\/schema.org\",\"@graph\":[{\"@type\":\"Article\",\"@id\":\"https:\/\/www.forminsa.com\/de\/forminsa-has-been-a-beneficiary-of-the-european-regional-development-fund\/#article\",\"isPartOf\":{\"@id\":\"https:\/\/www.forminsa.com\/de\/forminsa-has-been-a-beneficiary-of-the-european-regional-development-fund\/\"},\"author\":{\"name\":\"neorg_US\",\"@id\":\"https:\/\/www.forminsa.com\/de\/#\/schema\/person\/57002b36a133e30b20d67f6a9a1e257e\"},\"headline\":\"FORMINSA has been a beneficiary of the European Regional Development Fund\",\"datePublished\":\"2021-01-23T12:09:03+00:00\",\"dateModified\":\"2024-10-22T13:14:59+00:00\",\"mainEntityOfPage\":{\"@id\":\"https:\/\/www.forminsa.com\/de\/forminsa-has-been-a-beneficiary-of-the-european-regional-development-fund\/\"},\"wordCount\":95,\"commentCount\":0,\"publisher\":{\"@id\":\"https:\/\/www.forminsa.com\/de\/#organization\"},\"image\":{\"@id\":\"https:\/\/www.forminsa.com\/de\/forminsa-has-been-a-beneficiary-of-the-european-regional-development-fund\/#primaryimage\"},\"thumbnailUrl\":\"https:\/\/www.forminsa.com\/wp-content\/uploads\/2024\/06\/Tecnologias-informacion.jpg\",\"articleSection\":[\"Unkategorisiert\"],\"inLanguage\":\"de\",\"potentialAction\":[{\"@type\":\"CommentAction\",\"name\":\"Comment\",\"target\":[\"https:\/\/www.forminsa.com\/de\/forminsa-has-been-a-beneficiary-of-the-european-regional-development-fund\/#respond\"]}]},{\"@type\":\"WebPage\",\"@id\":\"https:\/\/www.forminsa.com\/de\/forminsa-has-been-a-beneficiary-of-the-european-regional-development-fund\/\",\"url\":\"https:\/\/www.forminsa.com\/de\/forminsa-has-been-a-beneficiary-of-the-european-regional-development-fund\/\",\"name\":\"FORMINSA has been a beneficiary of the European Regional Development Fund | Forminsa\",\"isPartOf\":{\"@id\":\"https:\/\/www.forminsa.com\/de\/#website\"},\"primaryImageOfPage\":{\"@id\":\"https:\/\/www.forminsa.com\/de\/forminsa-has-been-a-beneficiary-of-the-european-regional-development-fund\/#primaryimage\"},\"image\":{\"@id\":\"https:\/\/www.forminsa.com\/de\/forminsa-has-been-a-beneficiary-of-the-european-regional-development-fund\/#primaryimage\"},\"thumbnailUrl\":\"https:\/\/www.forminsa.com\/wp-content\/uploads\/2024\/06\/Tecnologias-informacion.jpg\",\"datePublished\":\"2021-01-23T12:09:03+00:00\",\"dateModified\":\"2024-10-22T13:14:59+00:00\",\"description\":\"FORMINSA ist Beg\u00fcnstigter des Europ\u00e4ischen Fonds f\u00fcr regionale Entwicklung, der die Nutzung und Qualit\u00e4t der IKT verbessern soll.\",\"breadcrumb\":{\"@id\":\"https:\/\/www.forminsa.com\/de\/forminsa-has-been-a-beneficiary-of-the-european-regional-development-fund\/#breadcrumb\"},\"inLanguage\":\"de\",\"potentialAction\":[{\"@type\":\"ReadAction\",\"target\":[\"https:\/\/www.forminsa.com\/de\/forminsa-has-been-a-beneficiary-of-the-european-regional-development-fund\/\"]}]},{\"@type\":\"ImageObject\",\"inLanguage\":\"de\",\"@id\":\"https:\/\/www.forminsa.com\/de\/forminsa-has-been-a-beneficiary-of-the-european-regional-development-fund\/#primaryimage\",\"url\":\"https:\/\/www.forminsa.com\/wp-content\/uploads\/2024\/06\/Tecnologias-informacion.jpg\",\"contentUrl\":\"https:\/\/www.forminsa.com\/wp-content\/uploads\/2024\/06\/Tecnologias-informacion.jpg\",\"width\":1280,\"height\":853},{\"@type\":\"BreadcrumbList\",\"@id\":\"https:\/\/www.forminsa.com\/de\/forminsa-has-been-a-beneficiary-of-the-european-regional-development-fund\/#breadcrumb\",\"itemListElement\":[{\"@type\":\"ListItem\",\"position\":1,\"name\":\"Portada\",\"item\":\"https:\/\/www.forminsa.com\/de\/home\/\"},{\"@type\":\"ListItem\",\"position\":2,\"name\":\"FORMINSA has been a beneficiary of the European Regional Development Fund\"}]},{\"@type\":\"WebSite\",\"@id\":\"https:\/\/www.forminsa.com\/de\/#website\",\"url\":\"https:\/\/www.forminsa.com\/de\/\",\"name\":\"Forminsa\",\"description\":\"Formin the future\",\"publisher\":{\"@id\":\"https:\/\/www.forminsa.com\/de\/#organization\"},\"alternateName\":\"Forminsa\",\"potentialAction\":[{\"@type\":\"SearchAction\",\"target\":{\"@type\":\"EntryPoint\",\"urlTemplate\":\"https:\/\/www.forminsa.com\/de\/?s={search_term_string}\"},\"query-input\":{\"@type\":\"PropertyValueSpecification\",\"valueRequired\":true,\"valueName\":\"search_term_string\"}}],\"inLanguage\":\"de\"},{\"@type\":\"Organization\",\"@id\":\"https:\/\/www.forminsa.com\/de\/#organization\",\"name\":\"Forminsa\",\"alternateName\":\"Forminsa\",\"url\":\"https:\/\/www.forminsa.com\/de\/\",\"logo\":{\"@type\":\"ImageObject\",\"inLanguage\":\"de\",\"@id\":\"https:\/\/www.forminsa.com\/de\/#\/schema\/logo\/image\/\",\"url\":\"https:\/\/www.forminsa.com\/wp-content\/uploads\/2024\/06\/Forminsa-Marker@62-1.png\",\"contentUrl\":\"https:\/\/www.forminsa.com\/wp-content\/uploads\/2024\/06\/Forminsa-Marker@62-1.png\",\"width\":62,\"height\":62,\"caption\":\"Forminsa\"},\"image\":{\"@id\":\"https:\/\/www.forminsa.com\/de\/#\/schema\/logo\/image\/\"},\"sameAs\":[\"https:\/\/www.forminsa.com\/\"]},{\"@type\":\"Person\",\"@id\":\"https:\/\/www.forminsa.com\/de\/#\/schema\/person\/57002b36a133e30b20d67f6a9a1e257e\",\"name\":\"neorg_US\",\"image\":{\"@type\":\"ImageObject\",\"inLanguage\":\"de\",\"@id\":\"https:\/\/www.forminsa.com\/de\/#\/schema\/person\/image\/\",\"url\":\"https:\/\/secure.gravatar.com\/avatar\/ac01186cb2c30d821b6c9bf9aa6e6503?s=96&d=mm&r=g\",\"contentUrl\":\"https:\/\/secure.gravatar.com\/avatar\/ac01186cb2c30d821b6c9bf9aa6e6503?s=96&d=mm&r=g\",\"caption\":\"neorg_US\"},\"sameAs\":[\"https:\/\/www.forminsa.com\"]}]}<\/script>\n<!-- \/ Yoast SEO plugin. -->","yoast_head_json":{"title":"FORMINSA has been a beneficiary of the European Regional Development Fund | Forminsa","description":"FORMINSA ist Beg\u00fcnstigter des Europ\u00e4ischen Fonds f\u00fcr regionale Entwicklung, der die Nutzung und Qualit\u00e4t der IKT verbessern soll.","robots":{"index":"index","follow":"follow","max-snippet":"max-snippet:-1","max-image-preview":"max-image-preview:large","max-video-preview":"max-video-preview:-1"},"canonical":"https:\/\/www.forminsa.com\/de\/forminsa-has-been-a-beneficiary-of-the-european-regional-development-fund\/","og_locale":"de_DE","og_type":"article","og_title":"FORMINSA has been a beneficiary of the European Regional Development Fund | Forminsa","og_description":"FORMINSA ist Beg\u00fcnstigter des Europ\u00e4ischen Fonds f\u00fcr regionale Entwicklung, der die Nutzung und Qualit\u00e4t der IKT verbessern soll.","og_url":"https:\/\/www.forminsa.com\/de\/forminsa-has-been-a-beneficiary-of-the-european-regional-development-fund\/","og_site_name":"Forminsa","article_published_time":"2021-01-23T12:09:03+00:00","article_modified_time":"2024-10-22T13:14:59+00:00","og_image":[{"width":1280,"height":853,"url":"https:\/\/www.forminsa.com\/wp-content\/uploads\/2024\/06\/Tecnologias-informacion.jpg","type":"image\/jpeg"}],"author":"neorg_US","twitter_card":"summary_large_image","twitter_misc":{"Verfasst von":"neorg_US","Gesch\u00e4tzte Lesezeit":"1\u00a0Minute"},"schema":{"@context":"https:\/\/schema.org","@graph":[{"@type":"Article","@id":"https:\/\/www.forminsa.com\/de\/forminsa-has-been-a-beneficiary-of-the-european-regional-development-fund\/#article","isPartOf":{"@id":"https:\/\/www.forminsa.com\/de\/forminsa-has-been-a-beneficiary-of-the-european-regional-development-fund\/"},"author":{"name":"neorg_US","@id":"https:\/\/www.forminsa.com\/de\/#\/schema\/person\/57002b36a133e30b20d67f6a9a1e257e"},"headline":"FORMINSA has been a beneficiary of the European Regional Development Fund","datePublished":"2021-01-23T12:09:03+00:00","dateModified":"2024-10-22T13:14:59+00:00","mainEntityOfPage":{"@id":"https:\/\/www.forminsa.com\/de\/forminsa-has-been-a-beneficiary-of-the-european-regional-development-fund\/"},"wordCount":95,"commentCount":0,"publisher":{"@id":"https:\/\/www.forminsa.com\/de\/#organization"},"image":{"@id":"https:\/\/www.forminsa.com\/de\/forminsa-has-been-a-beneficiary-of-the-european-regional-development-fund\/#primaryimage"},"thumbnailUrl":"https:\/\/www.forminsa.com\/wp-content\/uploads\/2024\/06\/Tecnologias-informacion.jpg","articleSection":["Unkategorisiert"],"inLanguage":"de","potentialAction":[{"@type":"CommentAction","name":"Comment","target":["https:\/\/www.forminsa.com\/de\/forminsa-has-been-a-beneficiary-of-the-european-regional-development-fund\/#respond"]}]},{"@type":"WebPage","@id":"https:\/\/www.forminsa.com\/de\/forminsa-has-been-a-beneficiary-of-the-european-regional-development-fund\/","url":"https:\/\/www.forminsa.com\/de\/forminsa-has-been-a-beneficiary-of-the-european-regional-development-fund\/","name":"FORMINSA has been a beneficiary of the European Regional Development Fund | Forminsa","isPartOf":{"@id":"https:\/\/www.forminsa.com\/de\/#website"},"primaryImageOfPage":{"@id":"https:\/\/www.forminsa.com\/de\/forminsa-has-been-a-beneficiary-of-the-european-regional-development-fund\/#primaryimage"},"image":{"@id":"https:\/\/www.forminsa.com\/de\/forminsa-has-been-a-beneficiary-of-the-european-regional-development-fund\/#primaryimage"},"thumbnailUrl":"https:\/\/www.forminsa.com\/wp-content\/uploads\/2024\/06\/Tecnologias-informacion.jpg","datePublished":"2021-01-23T12:09:03+00:00","dateModified":"2024-10-22T13:14:59+00:00","description":"FORMINSA ist Beg\u00fcnstigter des Europ\u00e4ischen Fonds f\u00fcr regionale Entwicklung, der die Nutzung und Qualit\u00e4t der IKT verbessern soll.","breadcrumb":{"@id":"https:\/\/www.forminsa.com\/de\/forminsa-has-been-a-beneficiary-of-the-european-regional-development-fund\/#breadcrumb"},"inLanguage":"de","potentialAction":[{"@type":"ReadAction","target":["https:\/\/www.forminsa.com\/de\/forminsa-has-been-a-beneficiary-of-the-european-regional-development-fund\/"]}]},{"@type":"ImageObject","inLanguage":"de","@id":"https:\/\/www.forminsa.com\/de\/forminsa-has-been-a-beneficiary-of-the-european-regional-development-fund\/#primaryimage","url":"https:\/\/www.forminsa.com\/wp-content\/uploads\/2024\/06\/Tecnologias-informacion.jpg","contentUrl":"https:\/\/www.forminsa.com\/wp-content\/uploads\/2024\/06\/Tecnologias-informacion.jpg","width":1280,"height":853},{"@type":"BreadcrumbList","@id":"https:\/\/www.forminsa.com\/de\/forminsa-has-been-a-beneficiary-of-the-european-regional-development-fund\/#breadcrumb","itemListElement":[{"@type":"ListItem","position":1,"name":"Portada","item":"https:\/\/www.forminsa.com\/de\/home\/"},{"@type":"ListItem","position":2,"name":"FORMINSA has been a beneficiary of the European Regional Development Fund"}]},{"@type":"WebSite","@id":"https:\/\/www.forminsa.com\/de\/#website","url":"https:\/\/www.forminsa.com\/de\/","name":"Forminsa","description":"Formin the future","publisher":{"@id":"https:\/\/www.forminsa.com\/de\/#organization"},"alternateName":"Forminsa","potentialAction":[{"@type":"SearchAction","target":{"@type":"EntryPoint","urlTemplate":"https:\/\/www.forminsa.com\/de\/?s={search_term_string}"},"query-input":{"@type":"PropertyValueSpecification","valueRequired":true,"valueName":"search_term_string"}}],"inLanguage":"de"},{"@type":"Organization","@id":"https:\/\/www.forminsa.com\/de\/#organization","name":"Forminsa","alternateName":"Forminsa","url":"https:\/\/www.forminsa.com\/de\/","logo":{"@type":"ImageObject","inLanguage":"de","@id":"https:\/\/www.forminsa.com\/de\/#\/schema\/logo\/image\/","url":"https:\/\/www.forminsa.com\/wp-content\/uploads\/2024\/06\/Forminsa-Marker@62-1.png","contentUrl":"https:\/\/www.forminsa.com\/wp-content\/uploads\/2024\/06\/Forminsa-Marker@62-1.png","width":62,"height":62,"caption":"Forminsa"},"image":{"@id":"https:\/\/www.forminsa.com\/de\/#\/schema\/logo\/image\/"},"sameAs":["https:\/\/www.forminsa.com\/"]},{"@type":"Person","@id":"https:\/\/www.forminsa.com\/de\/#\/schema\/person\/57002b36a133e30b20d67f6a9a1e257e","name":"neorg_US","image":{"@type":"ImageObject","inLanguage":"de","@id":"https:\/\/www.forminsa.com\/de\/#\/schema\/person\/image\/","url":"https:\/\/secure.gravatar.com\/avatar\/ac01186cb2c30d821b6c9bf9aa6e6503?s=96&d=mm&r=g","contentUrl":"https:\/\/secure.gravatar.com\/avatar\/ac01186cb2c30d821b6c9bf9aa6e6503?s=96&d=mm&r=g","caption":"neorg_US"},"sameAs":["https:\/\/www.forminsa.com"]}]}},"_links":{"self":[{"href":"https:\/\/www.forminsa.com\/de\/wp-json\/wp\/v2\/posts\/3402","targetHints":{"allow":["GET"]}}],"collection":[{"href":"https:\/\/www.forminsa.com\/de\/wp-json\/wp\/v2\/posts"}],"about":[{"href":"https:\/\/www.forminsa.com\/de\/wp-json\/wp\/v2\/types\/post"}],"author":[{"embeddable":true,"href":"https:\/\/www.forminsa.com\/de\/wp-json\/wp\/v2\/users\/1"}],"replies":[{"embeddable":true,"href":"https:\/\/www.forminsa.com\/de\/wp-json\/wp\/v2\/comments?post=3402"}],"version-history":[{"count":1,"href":"https:\/\/www.forminsa.com\/de\/wp-json\/wp\/v2\/posts\/3402\/revisions"}],"predecessor-version":[{"id":3403,"href":"https:\/\/www.forminsa.com\/de\/wp-json\/wp\/v2\/posts\/3402\/revisions\/3403"}],"wp:featuredmedia":[{"embeddable":true,"href":"https:\/\/www.forminsa.com\/de\/wp-json\/wp\/v2\/media\/3404"}],"wp:attachment":[{"href":"https:\/\/www.forminsa.com\/de\/wp-json\/wp\/v2\/media?parent=3402"}],"wp:term":[{"taxonomy":"category","embeddable":true,"href":"https:\/\/www.forminsa.com\/de\/wp-json\/wp\/v2\/categories?post=3402"},{"taxonomy":"post_tag","embeddable":true,"href":"https:\/\/www.forminsa.com\/de\/wp-json\/wp\/v2\/tags?post=3402"}],"curies":[{"name":"wp","href":"https:\/\/api.w.org\/{rel}","templated":true}]}}